{"id":1509,"date":"2018-09-03T16:26:59","date_gmt":"2018-09-03T16:26:59","guid":{"rendered":"http:\/\/www.reinodeaksum.com\/?p=1509"},"modified":"2018-09-03T16:26:59","modified_gmt":"2018-09-03T16:26:59","slug":"25-de-septiembre-de-2018-las-fuentes-del-nilo-azul-jornada-sobre-pedro-paez-en-el-man","status":"publish","type":"post","link":"https:\/\/www.reinodeaksum.com\/?p=1509","title":{"rendered":"25 de septiembre de 2018 &#8211; \u00abLas fuentes del Nilo Azul\u00bb. Jornada sobre Pedro P\u00e1ez en el MAN"},"content":{"rendered":"<p style=\"text-align: justify;\"><img loading=\"lazy\" decoding=\"async\" class=\"aligncenter size-full wp-image-1510\" src=\"http:\/\/www.reinodeaksum.com\/wp-content\/uploads\/2018\/09\/Las-fuentes-del-Nilo-Azul.jpg\" alt=\"\" width=\"708\" height=\"578\" srcset=\"https:\/\/www.reinodeaksum.com\/wp-content\/uploads\/2018\/09\/Las-fuentes-del-Nilo-Azul.jpg 708w, https:\/\/www.reinodeaksum.com\/wp-content\/uploads\/2018\/09\/Las-fuentes-del-Nilo-Azul-300x245.jpg 300w, https:\/\/www.reinodeaksum.com\/wp-content\/uploads\/2018\/09\/Las-fuentes-del-Nilo-Azul-676x552.jpg 676w\" sizes=\"auto, (max-width: 708px) 100vw, 708px\" \/>El pr\u00f3ximo 25 de septiembre, el Museo Arqueol\u00f3gico Nacional de Madrid (MAN) organiza una jornada de conmemoraci\u00f3n sobre la figura del jesuita madrile\u00f1o Pedro P\u00e1ez, quien se convirti\u00f3 en 1618 en el primer europeo en visitar las c\u00e9lebres fuentes del Nilo Azul (Abbay).<\/p>\n<p><!--more--><\/p>\n<p style=\"text-align: justify;\">El 21 de abril de 1618 el misionero Pedro P\u00e1ez visit\u00f3 las fuentes de donde surge el Nilo Azul antes de pasar por el lago Tana, en el norte de Etiop\u00eda. Poco despu\u00e9s dedicaba un cap\u00edtulo completo de su importante Historia de Etiop\u00eda a describir el r\u00edo, y aunque el libro no se public\u00f3 hasta el siglo XX, el manuscrito fue copiado y la informaci\u00f3n se incorpor\u00f3 al conocimiento global antes del final del siglo XVII, a trav\u00e9s de las obras del jesuita alem\u00e1n Athanasius Kircher y los planos del veneciano Vincenzo Coronelli, resolviendo un problema que intrigaba a ge\u00f3grafos e historiadores desde la Antig\u00fcedad. La salida desde el lago Victoria del otro gran brazo del r\u00edo, el Nilo Blanco, no se descubri\u00f3 hasta los viajes del ingl\u00e9s John Hanning Speke en 1858-1862, casi dos siglos y medio m\u00e1s tarde.<\/p>\n<p style=\"text-align: justify;\">El acto programado en el Museo Arqueol\u00f3gico Nacional se propone recordar la figura de P\u00e1ez como uno de los principales exploradores europeos de la Edad Moderna.<\/p>\n<p style=\"text-align: justify;\"><strong>Intervienen<\/strong>:<\/p>\n<p style=\"text-align: justify;\">Andr\u00e9s Carretero, director del Museo Arqueol\u00f3gico Nacional<br \/>\nV\u00edctor M. Fern\u00e1ndez Mart\u00ednez, Universidad Complutense de Madrid, director del proyecto arqueol\u00f3gico de las misiones jesuitas en Etiop\u00eda<br \/>\nIrene Seco Serra, jefa del Servicio de Patrimonio de la Agencia Espa\u00f1ola de Cooperaci\u00f3n Internacional para el Desarrollo (AECID)<br \/>\nWenceslao Soto Artu\u00f1edo, S.J., director del Archivo de Espa\u00f1a de la Compa\u00f1\u00eda de Jes\u00fas (Alcal\u00e1 de Henares)<br \/>\nJavier Reverte, escritor y autor de la biograf\u00eda de Pedro P\u00e1ez<\/p>\n<p style=\"text-align: justify;\">Al finalizar el acto se ofrecer\u00e1 un vino espa\u00f1ol<\/p>\n<p style=\"text-align: justify;\"><strong>Organizan<\/strong><br \/>\nUniversidad Complutense de Madrid<br \/>\nAgencia Espa\u00f1ola de Cooperaci\u00f3n Internacional para el Desarrollo (AECID)<br \/>\nMuseo Arqueol\u00f3gico Nacional<\/p>\n<p style=\"text-align: justify;\"><strong>Patrocina<\/strong><br \/>\nFundaci\u00f3n Palarq (Paleontolog\u00eda y Arqueolog\u00eda)<\/p>\n<p style=\"text-align: justify;\"><strong>D\u00f3nde<\/strong>: Museo Arqueol\u00f3gico Nacional.\u00a0Sala de conferencias, 19:00.<br \/>\nAsistencia libre y gratuita<\/p>\n","protected":false},"excerpt":{"rendered":"<p>El pr\u00f3ximo 25 de septiembre, el Museo Arqueol\u00f3gico Nacional de Madrid (MAN) organiza una jornada de conmemoraci\u00f3n sobre la figura del jesuita madrile\u00f1o Pedro P\u00e1ez, quien se convirti\u00f3 en 1618 en el primer europeo en visitar las c\u00e9lebres fuentes del Nilo Azul (Abbay).<\/p>\n","protected":false},"author":1,"featured_media":0,"comment_status":"open","ping_status":"open","sticky":false,"template":"","format":"standard","meta":{"jetpack_post_was_ever_published":false,"_jetpack_newsletter_access":"","_jetpack_dont_email_post_to_subs":false,"_jetpack_newsletter_tier_id":0,"_jetpack_memberships_contains_paywalled_content":false,"_jetpack_memberships_contains_paid_content":false,"footnotes":"","jetpack_publicize_message":"","jetpack_publicize_feature_enabled":true,"jetpack_social_post_already_shared":true,"jetpack_social_options":{"image_generator_settings":{"template":"highway","default_image_id":0,"font":"","enabled":false},"version":2}},"categories":[133,8],"tags":[162,63,76],"class_list":["post-1509","post","type-post","status-publish","format-standard","hentry","category-actividades","category-conferencias","tag-162","tag-conferencias","tag-etiopia","post-preview"],"jetpack_publicize_connections":[],"jetpack_featured_media_url":"","jetpack_sharing_enabled":true,"jetpack_shortlink":"https:\/\/wp.me\/p7tVnN-ol","_links":{"self":[{"href":"https:\/\/www.reinodeaksum.com\/index.php?rest_route=\/wp\/v2\/posts\/1509","targetHints":{"allow":["GET"]}}],"collection":[{"href":"https:\/\/www.reinodeaksum.com\/index.php?rest_route=\/wp\/v2\/posts"}],"about":[{"href":"https:\/\/www.reinodeaksum.com\/index.php?rest_route=\/wp\/v2\/types\/post"}],"author":[{"embeddable":true,"href":"https:\/\/www.reinodeaksum.com\/index.php?rest_route=\/wp\/v2\/users\/1"}],"replies":[{"embeddable":true,"href":"https:\/\/www.reinodeaksum.com\/index.php?rest_route=%2Fwp%2Fv2%2Fcomments&post=1509"}],"version-history":[{"count":2,"href":"https:\/\/www.reinodeaksum.com\/index.php?rest_route=\/wp\/v2\/posts\/1509\/revisions"}],"predecessor-version":[{"id":1512,"href":"https:\/\/www.reinodeaksum.com\/index.php?rest_route=\/wp\/v2\/posts\/1509\/revisions\/1512"}],"wp:attachment":[{"href":"https:\/\/www.reinodeaksum.com\/index.php?rest_route=%2Fwp%2Fv2%2Fmedia&parent=1509"}],"wp:term":[{"taxonomy":"category","embeddable":true,"href":"https:\/\/www.reinodeaksum.com\/index.php?rest_route=%2Fwp%2Fv2%2Fcategories&post=1509"},{"taxonomy":"post_tag","embeddable":true,"href":"https:\/\/www.reinodeaksum.com\/index.php?rest_route=%2Fwp%2Fv2%2Ftags&post=1509"}],"curies":[{"name":"wp","href":"https:\/\/api.w.org\/{rel}","templated":true}]}}