{"id":1619,"date":"2019-02-23T13:03:48","date_gmt":"2019-02-23T13:03:48","guid":{"rendered":"http:\/\/www.reinodeaksum.com\/?p=1619"},"modified":"2019-02-23T13:06:30","modified_gmt":"2019-02-23T13:06:30","slug":"video-de-la-primera-sesion-del-seminario-pedro-paez-y-las-fuentes-del-nilo-azul-diplomaticos-misioneros-y-aventureros-ibericos-en-etiopia-en-los-siglos-xvi-y-xvii","status":"publish","type":"post","link":"https:\/\/www.reinodeaksum.com\/?p=1619","title":{"rendered":"V\u00eddeo de la primera sesi\u00f3n del seminario \u00abPedro P\u00e1ez y las fuentes del Nilo Azul. Diplom\u00e1ticos, misioneros y aventureros ib\u00e9ricos en Etiop\u00eda en los siglos XVI y XVII\u00bb"},"content":{"rendered":"<div id=\"attachment_1623\" style=\"width: 1610px\" class=\"wp-caption alignnone\"><img loading=\"lazy\" decoding=\"async\" aria-describedby=\"caption-attachment-1623\" class=\"alignnone size-full wp-image-1623\" src=\"http:\/\/www.reinodeaksum.com\/wp-content\/uploads\/2019\/02\/IMG-20190215-WA0001.jpg\" alt=\"Primera sesi\u00f3n del seminario sobre Pedro P\u00e1ez\" width=\"1600\" height=\"1200\" srcset=\"https:\/\/www.reinodeaksum.com\/wp-content\/uploads\/2019\/02\/IMG-20190215-WA0001.jpg 1600w, https:\/\/www.reinodeaksum.com\/wp-content\/uploads\/2019\/02\/IMG-20190215-WA0001-300x225.jpg 300w, https:\/\/www.reinodeaksum.com\/wp-content\/uploads\/2019\/02\/IMG-20190215-WA0001-768x576.jpg 768w, https:\/\/www.reinodeaksum.com\/wp-content\/uploads\/2019\/02\/IMG-20190215-WA0001-1024x768.jpg 1024w, https:\/\/www.reinodeaksum.com\/wp-content\/uploads\/2019\/02\/IMG-20190215-WA0001-676x507.jpg 676w\" sizes=\"auto, (max-width: 1600px) 100vw, 1600px\" \/><p id=\"caption-attachment-1623\" class=\"wp-caption-text\"><em>De izquierda a derecha: Luis Valls-Taberner, Federico S\u00e1nchez Raymundo, Jos\u00e9 Luis S\u00e1nchez y el ponente, Mario Lozano Alonso. Foto: Marek Raczkiewicz.<\/em><\/p><\/div>\n<p style=\"text-align: justify;\">Ya est\u00e1 disponible en Youtube el v\u00eddeo de la primera conferencia del seminario <em>Pedro P\u00e1ez y las fuentes del Nilo Azul<\/em>, la cual fue impartida en la sede de la Fundaci\u00f3n Universitaria Espa\u00f1ola el pasado 15 de febrero. Debajo de esta entrada pod\u00e9is acceder a \u00e9l.<\/p>\n<span class=\"embed-youtube\" style=\"text-align:center; display: block;\"><iframe loading=\"lazy\" class=\"youtube-player\" width=\"560\" height=\"315\" src=\"https:\/\/www.youtube.com\/embed\/UKcj0_Q-OGo?version=3&#038;rel=1&#038;showsearch=0&#038;showinfo=1&#038;iv_load_policy=1&#038;fs=1&#038;hl=es-ES&#038;autohide=2&#038;wmode=transparent\" allowfullscreen=\"true\" style=\"border:0;\" sandbox=\"allow-scripts allow-same-origin allow-popups allow-presentation allow-popups-to-escape-sandbox\"><\/iframe><\/span>\n","protected":false},"excerpt":{"rendered":"<p>Ya est\u00e1 disponible en Youtube el v\u00eddeo de la primera conferencia del seminario Pedro P\u00e1ez y las fuentes del Nilo Azul, la cual fue impartida en la sede de la Fundaci\u00f3n Universitaria Espa\u00f1ola el pasado 15 de febrero. Debajo de esta entrada pod\u00e9is acceder a \u00e9l. \u00a0<\/p>\n","protected":false},"author":1,"featured_media":0,"comment_status":"open","ping_status":"open","sticky":false,"template":"","format":"standard","meta":{"jetpack_post_was_ever_published":false,"_jetpack_newsletter_access":"","_jetpack_dont_email_post_to_subs":false,"_jetpack_newsletter_tier_id":0,"_jetpack_memberships_contains_paywalled_content":false,"_jetpack_memberships_contains_paid_content":false,"footnotes":"","jetpack_publicize_message":"","jetpack_publicize_feature_enabled":true,"jetpack_social_post_already_shared":true,"jetpack_social_options":{"image_generator_settings":{"template":"highway","default_image_id":0,"font":"","enabled":false},"version":2}},"categories":[133,10,14,21,37,163],"tags":[165,84,166,107,115],"class_list":["post-1619","post","type-post","status-publish","format-standard","hentry","category-actividades","category-cristianismo","category-etiopia","category-historia","category-religion","category-seminarios","tag-165","tag-historia","tag-nilo-azul","tag-pedro-paez","tag-seminarios","post-preview"],"jetpack_publicize_connections":[],"jetpack_featured_media_url":"","jetpack_sharing_enabled":true,"jetpack_shortlink":"https:\/\/wp.me\/p7tVnN-q7","_links":{"self":[{"href":"https:\/\/www.reinodeaksum.com\/index.php?rest_route=\/wp\/v2\/posts\/1619","targetHints":{"allow":["GET"]}}],"collection":[{"href":"https:\/\/www.reinodeaksum.com\/index.php?rest_route=\/wp\/v2\/posts"}],"about":[{"href":"https:\/\/www.reinodeaksum.com\/index.php?rest_route=\/wp\/v2\/types\/post"}],"author":[{"embeddable":true,"href":"https:\/\/www.reinodeaksum.com\/index.php?rest_route=\/wp\/v2\/users\/1"}],"replies":[{"embeddable":true,"href":"https:\/\/www.reinodeaksum.com\/index.php?rest_route=%2Fwp%2Fv2%2Fcomments&post=1619"}],"version-history":[{"count":2,"href":"https:\/\/www.reinodeaksum.com\/index.php?rest_route=\/wp\/v2\/posts\/1619\/revisions"}],"predecessor-version":[{"id":1625,"href":"https:\/\/www.reinodeaksum.com\/index.php?rest_route=\/wp\/v2\/posts\/1619\/revisions\/1625"}],"wp:attachment":[{"href":"https:\/\/www.reinodeaksum.com\/index.php?rest_route=%2Fwp%2Fv2%2Fmedia&parent=1619"}],"wp:term":[{"taxonomy":"category","embeddable":true,"href":"https:\/\/www.reinodeaksum.com\/index.php?rest_route=%2Fwp%2Fv2%2Fcategories&post=1619"},{"taxonomy":"post_tag","embeddable":true,"href":"https:\/\/www.reinodeaksum.com\/index.php?rest_route=%2Fwp%2Fv2%2Ftags&post=1619"}],"curies":[{"name":"wp","href":"https:\/\/api.w.org\/{rel}","templated":true}]}}