{"id":1658,"date":"2019-04-24T17:21:01","date_gmt":"2019-04-24T17:21:01","guid":{"rendered":"http:\/\/www.reinodeaksum.com\/?p=1658"},"modified":"2019-04-24T17:21:58","modified_gmt":"2019-04-24T17:21:58","slug":"tercera-sesion-del-seminario-pedro-paez-y-las-fuentes-del-nilo-azul-madrid-8-de-mayo-de-2019","status":"publish","type":"post","link":"https:\/\/www.reinodeaksum.com\/?p=1658","title":{"rendered":"Tercera sesi\u00f3n del seminario \u201cPedro P\u00e1ez y las fuentes del Nilo Azul\u201d \u2013 Madrid, 8 de mayo de 2019"},"content":{"rendered":"<p><img loading=\"lazy\" decoding=\"async\" class=\"alignnone size-full wp-image-1659\" src=\"http:\/\/www.reinodeaksum.com\/wp-content\/uploads\/2019\/04\/Seminario-Pedro-P\u00e1ez.jpg\" alt=\"Seminario Pedro P\u00e1ez\" width=\"1020\" height=\"765\" srcset=\"https:\/\/www.reinodeaksum.com\/wp-content\/uploads\/2019\/04\/Seminario-Pedro-P\u00e1ez.jpg 1020w, https:\/\/www.reinodeaksum.com\/wp-content\/uploads\/2019\/04\/Seminario-Pedro-P\u00e1ez-300x225.jpg 300w, https:\/\/www.reinodeaksum.com\/wp-content\/uploads\/2019\/04\/Seminario-Pedro-P\u00e1ez-768x576.jpg 768w, https:\/\/www.reinodeaksum.com\/wp-content\/uploads\/2019\/04\/Seminario-Pedro-P\u00e1ez-676x507.jpg 676w\" sizes=\"auto, (max-width: 1020px) 100vw, 1020px\" \/><\/p>\n<p style=\"text-align: justify;\"><strong>El pr\u00f3ximo 8 de mayo, mi\u00e9rcoles<\/strong>, tendr\u00e1 lugar la tercera sesi\u00f3n del seminario sobre Pedro P\u00e1ez y los jesuitas en Etiop\u00eda que estamos celebrando en la Fundaci\u00f3n Universitaria Espa\u00f1ola.<strong> Comenzar\u00e1 a las 19:30<\/strong>, siendo el acceso libre hasta completar aforo. Se celebrar\u00e1 en la sede de la FUESP, en la calle Alcal\u00e1, 93 (Madrid).<\/p>\n<p style=\"text-align: justify;\">En esta sesi\u00f3n se continuar\u00e1 con la experiencia jesuita en el reino habesha tras la muerte de P\u00e1ez. En este per\u00edodo, el catolicismo, ya convertido en religi\u00f3n oficial del pa\u00eds, tendr\u00e1 que resistir los envites del partido tradicionalista ortodoxo. Ant\u00f3nio Fernandes, superior de la misi\u00f3n, y el flamante nuevo patriarca Afonso Mendes ser\u00e1n los encargados de intentar imponer el catolicismo como fe de los et\u00edopes. Finalmente la ortodoxia, encabezada por el pr\u00edncipe Fasiladas, triunfar\u00e1 tras varias rebeliones, acabando con la primac\u00eda cat\u00f3lica en 1632 y expulsando a los jesuitas en 1634.<\/p>\n<p style=\"text-align: justify;\">Puede ver el v\u00eddeo de la <a href=\"https:\/\/www.youtube.com\/watch?v=UKcj0_Q-OGo\" target=\"_blank\" rel=\"noopener noreferrer\">primera<\/a> y la <a href=\"https:\/\/www.youtube.com\/watch?v=OyY_k2rWFr8\" target=\"_blank\" rel=\"noopener noreferrer\">segunda sesi\u00f3n<\/a> siguiendo este enlace. Los resultados de las tres sesiones del seminario se publicar\u00e1n en una monograf\u00eda que estar\u00e1 lista en el verano del presente a\u00f1o.<\/p>\n","protected":false},"excerpt":{"rendered":"<p>El pr\u00f3ximo 8 de mayo, mi\u00e9rcoles, tendr\u00e1 lugar la tercera sesi\u00f3n del seminario sobre Pedro P\u00e1ez y los jesuitas en Etiop\u00eda que estamos celebrando en la Fundaci\u00f3n Universitaria Espa\u00f1ola. Comenzar\u00e1 a las 19:30, siendo el acceso libre hasta completar aforo. Se celebrar\u00e1 en la sede de la FUESP, en la calle Alcal\u00e1, 93 (Madrid). En [&hellip;]<\/p>\n","protected":false},"author":1,"featured_media":0,"comment_status":"open","ping_status":"open","sticky":false,"template":"","format":"standard","meta":{"jetpack_post_was_ever_published":false,"_jetpack_newsletter_access":"","_jetpack_dont_email_post_to_subs":false,"_jetpack_newsletter_tier_id":0,"_jetpack_memberships_contains_paywalled_content":false,"_jetpack_memberships_contains_paid_content":false,"footnotes":"","jetpack_publicize_message":"","jetpack_publicize_feature_enabled":true,"jetpack_social_post_already_shared":true,"jetpack_social_options":{"image_generator_settings":{"template":"highway","default_image_id":0,"font":"","enabled":false},"version":2}},"categories":[133,14,21,163,1],"tags":[165,84,87,107],"class_list":["post-1658","post","type-post","status-publish","format-standard","hentry","category-actividades","category-etiopia","category-historia","category-seminarios","category-sin-categoria","tag-165","tag-historia","tag-jesuitas","tag-pedro-paez","post-preview"],"jetpack_publicize_connections":[],"jetpack_featured_media_url":"","jetpack_sharing_enabled":true,"jetpack_shortlink":"https:\/\/wp.me\/p7tVnN-qK","_links":{"self":[{"href":"https:\/\/www.reinodeaksum.com\/index.php?rest_route=\/wp\/v2\/posts\/1658","targetHints":{"allow":["GET"]}}],"collection":[{"href":"https:\/\/www.reinodeaksum.com\/index.php?rest_route=\/wp\/v2\/posts"}],"about":[{"href":"https:\/\/www.reinodeaksum.com\/index.php?rest_route=\/wp\/v2\/types\/post"}],"author":[{"embeddable":true,"href":"https:\/\/www.reinodeaksum.com\/index.php?rest_route=\/wp\/v2\/users\/1"}],"replies":[{"embeddable":true,"href":"https:\/\/www.reinodeaksum.com\/index.php?rest_route=%2Fwp%2Fv2%2Fcomments&post=1658"}],"version-history":[{"count":2,"href":"https:\/\/www.reinodeaksum.com\/index.php?rest_route=\/wp\/v2\/posts\/1658\/revisions"}],"predecessor-version":[{"id":1665,"href":"https:\/\/www.reinodeaksum.com\/index.php?rest_route=\/wp\/v2\/posts\/1658\/revisions\/1665"}],"wp:attachment":[{"href":"https:\/\/www.reinodeaksum.com\/index.php?rest_route=%2Fwp%2Fv2%2Fmedia&parent=1658"}],"wp:term":[{"taxonomy":"category","embeddable":true,"href":"https:\/\/www.reinodeaksum.com\/index.php?rest_route=%2Fwp%2Fv2%2Fcategories&post=1658"},{"taxonomy":"post_tag","embeddable":true,"href":"https:\/\/www.reinodeaksum.com\/index.php?rest_route=%2Fwp%2Fv2%2Ftags&post=1658"}],"curies":[{"name":"wp","href":"https:\/\/api.w.org\/{rel}","templated":true}]}}