{"id":1696,"date":"2019-09-08T14:01:00","date_gmt":"2019-09-08T14:01:00","guid":{"rendered":"https:\/\/www.reinodeaksum.com\/?p=1696"},"modified":"2019-09-08T14:01:00","modified_gmt":"2019-09-08T14:01:00","slug":"presentacion-de-la-reedicion-del-libro-el-imperio-de-los-negros-blancos-madrid-19-de-septiembre-de-2019","status":"publish","type":"post","link":"https:\/\/www.reinodeaksum.com\/?p=1696","title":{"rendered":"Presentaci\u00f3n de la reedici\u00f3n del libro \u00abEl imperio de los negros blancos\u00bb &#8211; Madrid, 19 de septiembre de 2019"},"content":{"rendered":"<p><img loading=\"lazy\" decoding=\"async\" class=\"aligncenter wp-image-1700 size-full\" src=\"http:\/\/www.reinodeaksum.com\/wp-content\/uploads\/2019\/09\/El-imperio-de-los-negros-blancos.jpg\" alt=\"\" width=\"675\" height=\"923\" srcset=\"https:\/\/www.reinodeaksum.com\/wp-content\/uploads\/2019\/09\/El-imperio-de-los-negros-blancos.jpg 675w, https:\/\/www.reinodeaksum.com\/wp-content\/uploads\/2019\/09\/El-imperio-de-los-negros-blancos-219x300.jpg 219w\" sizes=\"auto, (max-width: 675px) 100vw, 675px\" \/><\/p>\n<p>El pr\u00f3ximo 19 de septiembre participaremos en la presentaci\u00f3n de la reedici\u00f3n del libro \u00abEl imperio de los negros blancos\u00bb, de Alejandro Liano, cuya primera edici\u00f3n se public\u00f3 en Espa\u00f1a en 1928.<\/p>\n<p>La recuperaci\u00f3n de estas obras de inter\u00e9s hist\u00f3rico sirve para mostrar cu\u00e1l era la perspectiva, en este caso colonial y racista, de muchos de los escritores europeos sobre Etiop\u00eda a comienzos del siglo XX. La larga tradici\u00f3n hist\u00f3rica et\u00edope, sumado a su numeroso patrimonio hist\u00f3rico, hizo que la academia eurocentrista y racista concibiera al pa\u00eds como un territorio colonizado por blancos, ya que no pod\u00edan entender que en el \u00c1frica Subsahariana existiera una civilizaci\u00f3n local tan avanzada como la et\u00edope. Como es bien sabido, todas estas teor\u00edas racistas han quedado hace mucho superadas.<\/p>\n<p>En el acto intervendr\u00e1n la africanista Clara Caballero; Mario Lozano, historiador especializado en Etiop\u00eda; Basilio Rodr\u00edguez, editor de Sial; y Juan Manuel Riesgo, autor del pr\u00f3logo de la obra, africanista y director del aula cultural africanista.<\/p>\n<p><strong>D\u00f3nde<\/strong>: Fundaci\u00f3n Sur. Calle Gaztambide, 31. Madrid.<\/p>\n<p><strong>D\u00eda y hora<\/strong>: 19 de septiembre, a las 19:00.<\/p>\n<p><strong>Entrada libre hasta completar aforo.<\/strong><\/p>\n\n\n<iframe loading=\"lazy\" src=\"https:\/\/www.google.com\/maps\/embed?pb=!1m14!1m8!1m3!1d12147.531127927263!2d-3.7157025!3d40.4335944!3m2!1i1024!2i768!4f13.1!3m3!1m2!1s0x0%3A0x190929f456d55a3!2sFundaci%C3%B3n%20Sur!5e0!3m2!1ses!2ses!4v1567950761083!5m2!1ses!2ses\" width=\"600\" height=\"450\" frameborder=\"0\" style=\"border:0;\" allowfullscreen=\"\"><\/iframe>\n\n\n\n<p><\/p>\n","protected":false},"excerpt":{"rendered":"<p>El pr\u00f3ximo 19 de septiembre participaremos en la presentaci\u00f3n de la reedici\u00f3n del libro \u00abEl imperio de los negros blancos\u00bb, de Alejandro Liano, cuya primera edici\u00f3n se public\u00f3 en Espa\u00f1a en 1928. La recuperaci\u00f3n de estas obras de inter\u00e9s hist\u00f3rico sirve para mostrar cu\u00e1l era la perspectiva, en este caso colonial y racista, de muchos [&hellip;]<\/p>\n","protected":false},"author":1,"featured_media":0,"comment_status":"open","ping_status":"open","sticky":false,"template":"","format":"standard","meta":{"jetpack_post_was_ever_published":false,"_jetpack_newsletter_access":"","_jetpack_dont_email_post_to_subs":false,"_jetpack_newsletter_tier_id":0,"_jetpack_memberships_contains_paywalled_content":false,"_jetpack_memberships_contains_paid_content":false,"footnotes":"","jetpack_publicize_message":"","jetpack_publicize_feature_enabled":true,"jetpack_social_post_already_shared":true,"jetpack_social_options":{"image_generator_settings":{"template":"highway","default_image_id":0,"font":"","enabled":false},"version":2}},"categories":[133,6,12,14,24,1],"tags":[165,74,76,93,142],"class_list":["post-1696","post","type-post","status-publish","format-standard","hentry","category-actividades","category-charlas","category-eritrea","category-etiopia","category-libros","category-sin-categoria","tag-165","tag-eritrea","tag-etiopia","tag-libros","tag-presentaciones","post-preview"],"jetpack_publicize_connections":[],"jetpack_featured_media_url":"","jetpack_sharing_enabled":true,"jetpack_shortlink":"https:\/\/wp.me\/p7tVnN-rm","_links":{"self":[{"href":"https:\/\/www.reinodeaksum.com\/index.php?rest_route=\/wp\/v2\/posts\/1696","targetHints":{"allow":["GET"]}}],"collection":[{"href":"https:\/\/www.reinodeaksum.com\/index.php?rest_route=\/wp\/v2\/posts"}],"about":[{"href":"https:\/\/www.reinodeaksum.com\/index.php?rest_route=\/wp\/v2\/types\/post"}],"author":[{"embeddable":true,"href":"https:\/\/www.reinodeaksum.com\/index.php?rest_route=\/wp\/v2\/users\/1"}],"replies":[{"embeddable":true,"href":"https:\/\/www.reinodeaksum.com\/index.php?rest_route=%2Fwp%2Fv2%2Fcomments&post=1696"}],"version-history":[{"count":5,"href":"https:\/\/www.reinodeaksum.com\/index.php?rest_route=\/wp\/v2\/posts\/1696\/revisions"}],"predecessor-version":[{"id":1705,"href":"https:\/\/www.reinodeaksum.com\/index.php?rest_route=\/wp\/v2\/posts\/1696\/revisions\/1705"}],"wp:attachment":[{"href":"https:\/\/www.reinodeaksum.com\/index.php?rest_route=%2Fwp%2Fv2%2Fmedia&parent=1696"}],"wp:term":[{"taxonomy":"category","embeddable":true,"href":"https:\/\/www.reinodeaksum.com\/index.php?rest_route=%2Fwp%2Fv2%2Fcategories&post=1696"},{"taxonomy":"post_tag","embeddable":true,"href":"https:\/\/www.reinodeaksum.com\/index.php?rest_route=%2Fwp%2Fv2%2Ftags&post=1696"}],"curies":[{"name":"wp","href":"https:\/\/api.w.org\/{rel}","templated":true}]}}