{"id":399,"date":"2015-03-26T20:30:58","date_gmt":"2015-03-26T19:30:58","guid":{"rendered":"https:\/\/reinodeaksum.wordpress.com\/?p=399"},"modified":"2015-03-26T20:30:58","modified_gmt":"2015-03-26T19:30:58","slug":"ii-edicion-del-curso-introduccion-a-las-expresiones-artisticas-y-culturales-de-africa-al-sur-del-sahara","status":"publish","type":"post","link":"https:\/\/www.reinodeaksum.com\/?p=399","title":{"rendered":"II edici\u00f3n del curso \u00abIntroducci\u00f3n a las expresiones art\u00edsticas y culturales de \u00c1frica al Sur del S\u00e1hara\u00bb"},"content":{"rendered":"<p style=\"text-align:justify;\"><a href=\"https:\/\/reinodeaksum.files.wordpress.com\/2015\/03\/curso-wiriko.jpg\"><img loading=\"lazy\" decoding=\"async\" class=\"aligncenter wp-image-400 size-large\" src=\"https:\/\/reinodeaksum.files.wordpress.com\/2015\/03\/curso-wiriko.jpg?w=676\" alt=\"Curso Wiriko\" width=\"676\" height=\"307\" srcset=\"https:\/\/www.reinodeaksum.com\/wp-content\/uploads\/2015\/03\/curso-wiriko.jpg 1320w, https:\/\/www.reinodeaksum.com\/wp-content\/uploads\/2015\/03\/curso-wiriko-300x136.jpg 300w, https:\/\/www.reinodeaksum.com\/wp-content\/uploads\/2015\/03\/curso-wiriko-768x349.jpg 768w, https:\/\/www.reinodeaksum.com\/wp-content\/uploads\/2015\/03\/curso-wiriko-1024x465.jpg 1024w, https:\/\/www.reinodeaksum.com\/wp-content\/uploads\/2015\/03\/curso-wiriko-1200x545.jpg 1200w\" sizes=\"auto, (max-width: 676px) 100vw, 676px\" \/><\/a><\/p>\n<p style=\"text-align:justify;\">El equipo responsable del <a href=\"http:\/\/www.wiriko.org\/\" target=\"_blank\">magac\u00edn digital <strong>Wiriko<\/strong><\/a>, un referente dentro de las webs en habla hispana que tratan temas africanos, ha sacado una segunda edici\u00f3n de su curso<a href=\"http:\/\/www.wiriko.org\/aula\/#toggle-id-3\" target=\"_blank\"><em><strong> Introducci\u00f3n a las expresiones art\u00edsticas y culturales de \u00c1frica al Sur del S\u00e1hara<\/strong><\/em><\/a>.<\/p>\n<p style=\"text-align:justify;\">El curso, completamente online, se divide en cuatro bloques en los que se abordan las \u00faltimas tendencias en cine, m\u00fasica, literatura y artes pl\u00e1sticas que triunfan en el continente negro. Cada una de estas \u00a0secciones est\u00e1 dirigida por un experto en la materia el cual, adem\u00e1s, interact\u00faa con los alumnos en los foros proponiendo temas de debate y -lo que es m\u00e1s interesante- tambi\u00e9n logra que se involucren activamente al pedir que pongan en com\u00fan sus conocimientos sobre alguno de los temas abordados, y que quiz\u00e1 no se hayan expuesto en el temario. Asimismo, cuenta con el prestigioso aval del \u00a0<em><strong>Grup d\u2019Estudis de les Societats Africanes (GESA)<\/strong><\/em> de la Universidad de Barcelona.<\/p>\n<p style=\"text-align:justify;\">Nosotros participamos en la primera edici\u00f3n del curso, la cual se desarroll\u00f3 entre los meses de septiembre y noviembre de 2014, y quedamos muy satisfechos con la experiencia. Los contenidos est\u00e1n muy bien ajustados a la ense\u00f1anza online y, teniendo en cuenta la amplitud del \u00e1rea a estudiar -un continente entero-, permiten alcanzar un conocimiento inicial m\u00e1s que adecuado de la cultura africana contempor\u00e1nea. Por todo lo anteriormente expuesto, consideramos su realizaci\u00f3n una experiencia totalmente recomendable.<\/p>\n<p style=\"text-align:center;\"><span style=\"text-decoration:underline;\"><strong>Informaci\u00f3n general<\/strong><\/span><\/p>\n<p>El curso comenzar\u00e1 el 20 de abril de 2015 y tendr\u00e1 una duraci\u00f3n de 42 horas organizadas de la siguiente manera: <strong>Duraci\u00f3n aproximada<\/strong>: 2 meses <strong>N\u00famero de horas por unidad did\u00e1ctica<\/strong>: 10 <strong>Frecuencia<\/strong>: 2 sesiones semanales de 2,5 horas<\/p>\n<p style=\"text-align:justify;\"><strong>Matr\u00edcula<\/strong>: en la web<\/p>\n<p style=\"text-align:justify;\"><strong>Coste del curso<\/strong>: 85 \u20ac<\/p>\n<p style=\"text-align:justify;\"><strong>N\u00famero de plazas<\/strong>: 35.<\/p>\n<p style=\"text-align:center;\"><span style=\"text-decoration:underline;\"><strong>Programa<\/strong><\/span> (extra\u00eddo de la web de Wiriko)<\/p>\n<p style=\"text-align:justify;\"><strong>Bloque 0: Introducci\u00f3n a las artes y culturas africanas<\/strong><\/p>\n<p style=\"text-align:justify;\"><strong>Bloque 1: Cines africanos: de las independencias a la era digital\u00a0(Coord. Sebasti\u00e1n Ruiz)<\/strong><\/p>\n<p style=\"text-align:justify;\">\u2013 Colonos y colonizados: 60 a\u00f1os de pel\u00edculas impostadas en el continente (1900-1960) hasta el nacimiento de los cines africanos.<\/p>\n<p style=\"text-align:justify;\">\u2013 El realismo cr\u00edtico (1970), la\u00a0 vuelta a los or\u00edgenes (1980) y la desilusi\u00f3n (1990)<\/p>\n<p style=\"text-align:justify;\">\u2013 La di\u00e1spora como construcci\u00f3n de una identidad en la gran pantalla (2000)<\/p>\n<p style=\"text-align:justify;\">\u2013 La gran revoluci\u00f3n de los cines en \u00c1frica: el digital<\/p>\n<p style=\"text-align:justify;\"><strong>Bloque 2: Los sonidos del \u00c1frica Moderna y Contempor\u00e1nea Urbana y sus contextos (Cood. Gemma Sol\u00e9s i Coll)<\/strong><\/p>\n<p style=\"text-align:justify;\">\u2013 Introducci\u00f3n a los sonidos del \u00c1frica Moderna y Contempor\u00e1nea Urbana<\/p>\n<p style=\"text-align:justify;\">\u2013 \u00c1frica Lus\u00f3fona; de las melod\u00edas cabo-verdianas al frenes\u00ed del Kuduro<\/p>\n<p style=\"text-align:justify;\">\u2013 \u00c1frica Brit\u00e1nica; de los pioneros del Afrobeat a las estrellas del AfroHouse<\/p>\n<p style=\"text-align:justify;\">\u2013 \u00c1frica Franc\u00f3fona; de la m\u00fasica tradi-moderna al Hip Hop<\/p>\n<p style=\"text-align:justify;\"><b>Bloque 3: Literaturas: entre la palabra y la letra impresa (Coord. Carlos Bajo Erro)<\/b><\/p>\n<p style=\"text-align:justify;\">\u2013 Literaturas cl\u00e1sicas y en \u00e9poca colonial<\/p>\n<p style=\"text-align:justify;\">\u2013 Literaturas postcoloniales \u2013 Las primeras literaturas de las independencias<\/p>\n<p style=\"text-align:justify;\">\u2013 Las \u00faltimas dos d\u00e9cadas de las letras africanas<\/p>\n<p style=\"text-align:justify;\">\u2013 Nuevos g\u00e9neros emergentes<\/p>\n<p style=\"text-align:justify;\"><b>Bloque 4: Im\u00e1genes y reflejos de las sociedades urbanas contempor\u00e1neas (Coord. Vanessa Anaya Villegas)<\/b><\/p>\n<p style=\"text-align:justify;\">\u2013 Introducci\u00f3n a las artes visuales contempor\u00e1neas en \u00c1frica: reflexiones y debates actuales<\/p>\n<p style=\"text-align:justify;\">\u2013 Colonialismo: Urbe y cultura popular<\/p>\n<p style=\"text-align:justify;\">\u2013 Descolonizaci\u00f3n e independencias: Arte de resistencia y proyectos art\u00edsticos comunitarios<\/p>\n<p style=\"text-align:justify;\">\u2013 Arte post-colonial y nuevas tendencias creativas: tecnolog\u00edas y texturas para los sentidos<\/p>\n<span class=\"embed-youtube\" style=\"text-align:center; display: block;\"><iframe loading=\"lazy\" class=\"youtube-player\" width=\"676\" height=\"381\" src=\"https:\/\/www.youtube.com\/embed\/io5_a8Y_eQg?version=3&#038;rel=1&#038;showsearch=0&#038;showinfo=1&#038;iv_load_policy=1&#038;fs=1&#038;hl=es-ES&#038;autohide=2&#038;wmode=transparent\" allowfullscreen=\"true\" style=\"border:0;\" sandbox=\"allow-scripts allow-same-origin allow-popups allow-presentation allow-popups-to-escape-sandbox\"><\/iframe><\/span>\n","protected":false},"excerpt":{"rendered":"<p>El equipo responsable del magac\u00edn digital Wiriko, un referente dentro de las webs en habla hispana que tratan temas africanos, ha sacado una segunda edici\u00f3n de su curso Introducci\u00f3n a las expresiones art\u00edsticas y culturales de \u00c1frica al Sur del S\u00e1hara. El curso, completamente online, se divide en cuatro bloques en los que se abordan [&hellip;]<\/p>\n","protected":false},"author":3,"featured_media":0,"comment_status":"open","ping_status":"open","sticky":false,"template":"","format":"standard","meta":{"jetpack_post_was_ever_published":false,"_jetpack_newsletter_access":"","_jetpack_dont_email_post_to_subs":false,"_jetpack_newsletter_tier_id":0,"_jetpack_memberships_contains_paywalled_content":false,"_jetpack_memberships_contains_paid_content":false,"footnotes":"","jetpack_publicize_message":"","jetpack_publicize_feature_enabled":true,"jetpack_social_post_already_shared":false,"jetpack_social_options":{"image_generator_settings":{"template":"highway","default_image_id":0,"font":"","enabled":false},"version":2}},"categories":[11],"tags":[57,69],"class_list":["post-399","post","type-post","status-publish","format-standard","hentry","category-cursos","tag-africa","tag-cursos","post-preview"],"jetpack_publicize_connections":[],"jetpack_featured_media_url":"","jetpack_sharing_enabled":true,"jetpack_shortlink":"https:\/\/wp.me\/p7tVnN-6r","_links":{"self":[{"href":"https:\/\/www.reinodeaksum.com\/index.php?rest_route=\/wp\/v2\/posts\/399","targetHints":{"allow":["GET"]}}],"collection":[{"href":"https:\/\/www.reinodeaksum.com\/index.php?rest_route=\/wp\/v2\/posts"}],"about":[{"href":"https:\/\/www.reinodeaksum.com\/index.php?rest_route=\/wp\/v2\/types\/post"}],"author":[{"embeddable":true,"href":"https:\/\/www.reinodeaksum.com\/index.php?rest_route=\/wp\/v2\/users\/3"}],"replies":[{"embeddable":true,"href":"https:\/\/www.reinodeaksum.com\/index.php?rest_route=%2Fwp%2Fv2%2Fcomments&post=399"}],"version-history":[{"count":0,"href":"https:\/\/www.reinodeaksum.com\/index.php?rest_route=\/wp\/v2\/posts\/399\/revisions"}],"wp:attachment":[{"href":"https:\/\/www.reinodeaksum.com\/index.php?rest_route=%2Fwp%2Fv2%2Fmedia&parent=399"}],"wp:term":[{"taxonomy":"category","embeddable":true,"href":"https:\/\/www.reinodeaksum.com\/index.php?rest_route=%2Fwp%2Fv2%2Fcategories&post=399"},{"taxonomy":"post_tag","embeddable":true,"href":"https:\/\/www.reinodeaksum.com\/index.php?rest_route=%2Fwp%2Fv2%2Ftags&post=399"}],"curies":[{"name":"wp","href":"https:\/\/api.w.org\/{rel}","templated":true}]}}